{"id":58159,"date":"2024-01-16T11:53:38","date_gmt":"2024-01-16T11:53:38","guid":{"rendered":"https:\/\/metos.global\/?p=58159"},"modified":"2024-02-09T09:06:44","modified_gmt":"2024-02-09T09:06:44","slug":"new-age-of-agriculture-exploring-the-global-field-id-initiative","status":"publish","type":"post","link":"https:\/\/metos.global\/es\/new-age-of-agriculture-exploring-the-global-field-id-initiative\/","title":{"rendered":"La nueva era de la agricultura: Exploraci\u00f3n de la iniciativa mundial de identificaci\u00f3n en el campo en el FEM Davos 2024 para una producci\u00f3n alimentaria sostenible y segura y la acci\u00f3n por el clima"},"content":{"rendered":"<div data-elementor-type=\"wp-post\" data-elementor-id=\"58159\" class=\"elementor elementor-58159\" data-elementor-post-type=\"post\">\n\t\t\t\t\t\t<section class=\"elementor-section elementor-top-section elementor-element elementor-element-8980b98 elementor-section-boxed elementor-section-height-default elementor-section-height-default\" data-id=\"8980b98\" data-element_type=\"section\" data-e-type=\"section\">\n\t\t\t\t\t\t<div class=\"elementor-container elementor-column-gap-default\">\n\t\t\t\t\t<div class=\"elementor-column elementor-col-100 elementor-top-column elementor-element elementor-element-667d069\" data-id=\"667d069\" data-element_type=\"column\" data-e-type=\"column\">\n\t\t\t<div class=\"elementor-widget-wrap elementor-element-populated\">\n\t\t\t\t\t\t<div class=\"elementor-element elementor-element-3380afb elementor-widget elementor-widget-spacer\" data-id=\"3380afb\" data-element_type=\"widget\" data-e-type=\"widget\" data-widget_type=\"spacer.default\">\n\t\t\t\t<div class=\"elementor-widget-container\">\n\t\t\t\t\t\t\t<div class=\"elementor-spacer\">\n\t\t\t<div class=\"elementor-spacer-inner\"><\/div>\n\t\t<\/div>\n\t\t\t\t\t\t<\/div>\n\t\t\t\t<\/div>\n\t\t\t\t<div class=\"elementor-element elementor-element-1266048 elementor-widget elementor-widget-heading\" data-id=\"1266048\" data-element_type=\"widget\" data-e-type=\"widget\" data-widget_type=\"heading.default\">\n\t\t\t\t<div class=\"elementor-widget-container\">\n\t\t\t\t\t<h3 class=\"elementor-heading-title elementor-size-default\">Foro Econ\u00f3mico Mundial 2024 en Davos<\/h3>\t\t\t\t<\/div>\n\t\t\t\t<\/div>\n\t\t\t\t<div class=\"elementor-element elementor-element-836ceb4 elementor-widget elementor-widget-text-editor\" data-id=\"836ceb4\" data-element_type=\"widget\" data-e-type=\"widget\" data-widget_type=\"text-editor.default\">\n\t\t\t\t<div class=\"elementor-widget-container\">\n\t\t\t\t\t\t\t\t\t<h2><b><strong>La nueva era de la agricultura: Explorando el mundo <\/strong>FieldID\u2122 <strong>Iniciativa en el FEM Davos 2024 para una producci\u00f3n alimentaria sostenible y segura y la acci\u00f3n por el clima<\/strong><\/b><b><\/b><\/h2>\t\t\t\t\t\t\t\t<\/div>\n\t\t\t\t<\/div>\n\t\t\t\t<div class=\"elementor-element elementor-element-8ccf363 elementor-widget-divider--view-line elementor-widget elementor-widget-divider\" data-id=\"8ccf363\" data-element_type=\"widget\" data-e-type=\"widget\" data-widget_type=\"divider.default\">\n\t\t\t\t<div class=\"elementor-widget-container\">\n\t\t\t\t\t\t\t<div class=\"elementor-divider\">\n\t\t\t<span class=\"elementor-divider-separator\">\n\t\t\t\t\t\t<\/span>\n\t\t<\/div>\n\t\t\t\t\t\t<\/div>\n\t\t\t\t<\/div>\n\t\t\t\t\t<\/div>\n\t\t<\/div>\n\t\t\t\t\t<\/div>\n\t\t<\/section>\n\t\t\t\t<section class=\"elementor-section elementor-top-section elementor-element elementor-element-5049f20 elementor-section-boxed elementor-section-height-default elementor-section-height-default\" data-id=\"5049f20\" data-element_type=\"section\" data-e-type=\"section\">\n\t\t\t\t\t\t<div class=\"elementor-container elementor-column-gap-default\">\n\t\t\t\t\t<div class=\"elementor-column elementor-col-100 elementor-top-column elementor-element elementor-element-0c50224\" data-id=\"0c50224\" data-element_type=\"column\" data-e-type=\"column\">\n\t\t\t<div class=\"elementor-widget-wrap elementor-element-populated\">\n\t\t\t\t\t\t<div class=\"elementor-element elementor-element-317e24d elementor-widget elementor-widget-text-editor\" data-id=\"317e24d\" data-element_type=\"widget\" data-e-type=\"widget\" data-widget_type=\"text-editor.default\">\n\t\t\t\t<div class=\"elementor-widget-container\">\n\t\t\t\t\t\t\t\t\t<p><strong>Weiz (Austria), 16 de enero de 2024<br \/>Autor:<\/strong> <strong>Gottfried Pessl, Director General y Fundador de Pessl Instruments\u00a0<\/strong><\/p>\t\t\t\t\t\t\t\t<\/div>\n\t\t\t\t<\/div>\n\t\t\t\t<div class=\"elementor-element elementor-element-dc42fbc elementor-widget elementor-widget-text-editor\" data-id=\"dc42fbc\" data-element_type=\"widget\" data-e-type=\"widget\" data-widget_type=\"text-editor.default\">\n\t\t\t\t<div class=\"elementor-widget-container\">\n\t\t\t\t\t\t\t\t\t<p>Ayer estuve en Davos con motivo del Foro Econ\u00f3mico Mundial (FEM) por primera vez en mi vida, y me sorprendi\u00f3 el esp\u00edritu de este pueblo alpino nevado de Suiza, cerca de la frontera con Austria.<\/p><p>El lema de este a\u00f1o de la Reuni\u00f3n Anual 2024 del Foro Econ\u00f3mico Mundial en Davos es \"Reconstruir la confianza\", subrayando la necesidad de reconstruir la confianza frente a grandes amenazas como la desinformaci\u00f3n, los fen\u00f3menos meteorol\u00f3gicos extremos, el cambio clim\u00e1tico y las crecientes crisis geopol\u00edticas.<\/p>\t\t\t\t\t\t\t\t<\/div>\n\t\t\t\t<\/div>\n\t\t\t\t<div class=\"elementor-element elementor-element-0a6ae3c elementor-widget elementor-widget-image\" data-id=\"0a6ae3c\" data-element_type=\"widget\" data-e-type=\"widget\" data-widget_type=\"image.default\">\n\t\t\t\t<div class=\"elementor-widget-container\">\n\t\t\t\t\t\t\t\t\t\t\t\t\t\t\t<img fetchpriority=\"high\" decoding=\"async\" width=\"1024\" height=\"449\" src=\"https:\/\/metos.global\/wp-content\/uploads\/2024\/01\/Davos-cover-photo-1-1024x449.png\" class=\"attachment-large size-large wp-image-58178\" alt=\"Foto de portada de Davos\" srcset=\"https:\/\/metos.global\/wp-content\/uploads\/2024\/01\/Davos-cover-photo-1-1024x449.png 1024w, https:\/\/metos.global\/wp-content\/uploads\/2024\/01\/Davos-cover-photo-1-300x132.png 300w, https:\/\/metos.global\/wp-content\/uploads\/2024\/01\/Davos-cover-photo-1-768x337.png 768w, https:\/\/metos.global\/wp-content\/uploads\/2024\/01\/Davos-cover-photo-1-1536x674.png 1536w, https:\/\/metos.global\/wp-content\/uploads\/2024\/01\/Davos-cover-photo-1-18x8.png 18w, https:\/\/metos.global\/wp-content\/uploads\/2024\/01\/Davos-cover-photo-1.png 1620w\" sizes=\"(max-width: 1024px) 100vw, 1024px\" \/>\t\t\t\t\t\t\t\t\t\t\t\t\t\t\t<\/div>\n\t\t\t\t<\/div>\n\t\t\t\t<div class=\"elementor-element elementor-element-e699006 elementor-widget elementor-widget-spacer\" data-id=\"e699006\" data-element_type=\"widget\" data-e-type=\"widget\" data-widget_type=\"spacer.default\">\n\t\t\t\t<div class=\"elementor-widget-container\">\n\t\t\t\t\t\t\t<div class=\"elementor-spacer\">\n\t\t\t<div class=\"elementor-spacer-inner\"><\/div>\n\t\t<\/div>\n\t\t\t\t\t\t<\/div>\n\t\t\t\t<\/div>\n\t\t\t\t<section class=\"elementor-section elementor-inner-section elementor-element elementor-element-31326fe elementor-section-boxed elementor-section-height-default elementor-section-height-default\" data-id=\"31326fe\" data-element_type=\"section\" data-e-type=\"section\">\n\t\t\t\t\t\t<div class=\"elementor-container elementor-column-gap-default\">\n\t\t\t\t\t<div class=\"elementor-column elementor-col-50 elementor-inner-column elementor-element elementor-element-1bdb6dd\" data-id=\"1bdb6dd\" data-element_type=\"column\" data-e-type=\"column\">\n\t\t\t<div class=\"elementor-widget-wrap elementor-element-populated\">\n\t\t\t\t\t\t<div class=\"elementor-element elementor-element-6b49770 elementor-widget elementor-widget-text-editor\" data-id=\"6b49770\" data-element_type=\"widget\" data-e-type=\"widget\" data-widget_type=\"text-editor.default\">\n\t\t\t\t<div class=\"elementor-widget-container\">\n\t\t\t\t\t\t\t\t\t<p>En <strong>Reuni\u00f3n anual del Foro Econ\u00f3mico Mundial<\/strong> de Davos ha abordado acontecimientos clave de la historia mundial en los \u00faltimos cincuenta a\u00f1os, desde la ca\u00edda del Muro de Berl\u00edn hasta el auge de la globalizaci\u00f3n econ\u00f3mica. Esperamos que 2024 sea otro momento EUREKA positivo, que nos ayude a encontrar el camino de vuelta hacia una mayor confianza y colaboraci\u00f3n para abordar nuestros problemas pendientes m\u00e1s cr\u00edticos: <strong>cambio clim\u00e1tico y seguridad alimentaria<\/strong>.<\/p><p>Me hizo mucha ilusi\u00f3n que me invitaran a una cena de trabajo organizada por Yara International, uno de los mayores fabricantes de fertilizantes del mundo. Yara International produce, distribuye y vende fertilizantes minerales a base de nitr\u00f3geno y productos industriales afines.\u00a0<\/p>\t\t\t\t\t\t\t\t<\/div>\n\t\t\t\t<\/div>\n\t\t\t\t\t<\/div>\n\t\t<\/div>\n\t\t\t\t<div class=\"elementor-column elementor-col-50 elementor-inner-column elementor-element elementor-element-a15d9b5\" data-id=\"a15d9b5\" data-element_type=\"column\" data-e-type=\"column\">\n\t\t\t<div class=\"elementor-widget-wrap elementor-element-populated\">\n\t\t\t\t\t\t<div class=\"elementor-element elementor-element-253b90a elementor-widget elementor-widget-image\" data-id=\"253b90a\" data-element_type=\"widget\" data-e-type=\"widget\" data-widget_type=\"image.default\">\n\t\t\t\t<div class=\"elementor-widget-container\">\n\t\t\t\t\t\t\t\t\t\t\t\t\t\t\t<img decoding=\"async\" width=\"1024\" height=\"768\" data-src=\"https:\/\/metos.global\/wp-content\/uploads\/2024\/01\/IMG_1164-1024x768.jpg\" class=\"attachment-large size-large wp-image-58171 lazyload\" alt=\"Foro Econ\u00f3mico Mundial 2024\" data-srcset=\"https:\/\/metos.global\/wp-content\/uploads\/2024\/01\/IMG_1164-1024x768.jpg 1024w, https:\/\/metos.global\/wp-content\/uploads\/2024\/01\/IMG_1164-300x225.jpg 300w, https:\/\/metos.global\/wp-content\/uploads\/2024\/01\/IMG_1164-768x576.jpg 768w, https:\/\/metos.global\/wp-content\/uploads\/2024\/01\/IMG_1164-1536x1152.jpg 1536w, https:\/\/metos.global\/wp-content\/uploads\/2024\/01\/IMG_1164-2048x1536.jpg 2048w, https:\/\/metos.global\/wp-content\/uploads\/2024\/01\/IMG_1164-16x12.jpg 16w\" data-sizes=\"(max-width: 1024px) 100vw, 1024px\" src=\"data:image\/svg+xml;base64,PHN2ZyB3aWR0aD0iMSIgaGVpZ2h0PSIxIiB4bWxucz0iaHR0cDovL3d3dy53My5vcmcvMjAwMC9zdmciPjwvc3ZnPg==\" style=\"--smush-placeholder-width: 1024px; --smush-placeholder-aspect-ratio: 1024\/768;\" \/>\t\t\t\t\t\t\t\t\t\t\t\t\t\t\t<\/div>\n\t\t\t\t<\/div>\n\t\t\t\t\t<\/div>\n\t\t<\/div>\n\t\t\t\t\t<\/div>\n\t\t<\/section>\n\t\t\t\t<div class=\"elementor-element elementor-element-31ce13f elementor-widget elementor-widget-text-editor\" data-id=\"31ce13f\" data-element_type=\"widget\" data-e-type=\"widget\" data-widget_type=\"text-editor.default\">\n\t\t\t\t<div class=\"elementor-widget-container\">\n\t\t\t\t\t\t\t\t\t<p>El objetivo de la cena era colaborar en la creaci\u00f3n de nuevas ideas con otros l\u00edderes del sector, ONG y gobiernos. Se centr\u00f3 en <strong>ID de campo mundial <\/strong>iniciativa.<\/p><p>La idea es tan revolucionaria como la introducci\u00f3n de la direcci\u00f3n IP de Internet. <span style=\"text-decoration: underline;\"><a href=\"http:\/\/www.varda.ag\/global-field-id\">ID de campo global de VARDA<\/a><\/span>\u00a0es un sistema basado en API que asigna un n\u00famero de identificaci\u00f3n \u00fanico a cada parcela agr\u00edcola, lo que permite la identificaci\u00f3n sobre el terreno de las parcelas agr\u00edcolas en todo el mundo. Esto permite a agricultores, banqueros, aseguradoras, gobiernos, empresas alimentarias, supermercados, consumidores, etc., utilizar esta informaci\u00f3n b\u00e1sica para mejorar la trazabilidad, potenciar las operaciones en las explotaciones, crear una cadena alimentaria sostenible, promover la colaboraci\u00f3n a gran escala y proteger la privacidad.<\/p><p>En mi mesa, mantuve intensas discusiones durante una deliciosa cena vegetariana sobre estos problemas pendientes con un ejecutivo de nivel C de <span style=\"text-decoration: underline;\"><a href=\"https:\/\/www.rabobank.com\/\">Rabobank<\/a><\/span>el Director General de <span style=\"text-decoration: underline;\"><a href=\"https:\/\/www.swissre.com\/\">Suiza RE<\/a><\/span>socio director de <span style=\"text-decoration: underline;\"><a href=\"https:\/\/www.bain.com\/\">Bain &amp; Company<\/a><\/span> (una consultora de gesti\u00f3n global), el enviado especial del presidente de EE.UU. para el Cambio Clim\u00e1tico - David Livingston, y el fundador y CEO de <span style=\"text-decoration: underline;\"><a href=\"https:\/\/vivent-biosignals.com\/\">Vivent<\/a><\/span>una PYME suiza de tecnolog\u00eda profunda.<\/p>\t\t\t\t\t\t\t\t<\/div>\n\t\t\t\t<\/div>\n\t\t\t\t<section class=\"elementor-section elementor-inner-section elementor-element elementor-element-acac7a3 elementor-section-boxed elementor-section-height-default elementor-section-height-default\" data-id=\"acac7a3\" data-element_type=\"section\" data-e-type=\"section\">\n\t\t\t\t\t\t<div class=\"elementor-container elementor-column-gap-default\">\n\t\t\t\t\t<div class=\"elementor-column elementor-col-50 elementor-inner-column elementor-element elementor-element-a152a5b\" data-id=\"a152a5b\" data-element_type=\"column\" data-e-type=\"column\">\n\t\t\t<div class=\"elementor-widget-wrap elementor-element-populated\">\n\t\t\t\t\t\t<div class=\"elementor-element elementor-element-1a55b7c elementor-widget elementor-widget-image\" data-id=\"1a55b7c\" data-element_type=\"widget\" data-e-type=\"widget\" data-widget_type=\"image.default\">\n\t\t\t\t<div class=\"elementor-widget-container\">\n\t\t\t\t\t\t\t\t\t\t\t\t\t\t\t<img decoding=\"async\" width=\"1024\" height=\"768\" data-src=\"https:\/\/metos.global\/wp-content\/uploads\/2024\/01\/IMG_1191-1024x768.jpg\" class=\"attachment-large size-large wp-image-58174 lazyload\" alt=\"Foro Econ\u00f3mico Mundial 2024_Mr.Pessl\" data-srcset=\"https:\/\/metos.global\/wp-content\/uploads\/2024\/01\/IMG_1191-1024x768.jpg 1024w, https:\/\/metos.global\/wp-content\/uploads\/2024\/01\/IMG_1191-300x225.jpg 300w, https:\/\/metos.global\/wp-content\/uploads\/2024\/01\/IMG_1191-768x576.jpg 768w, https:\/\/metos.global\/wp-content\/uploads\/2024\/01\/IMG_1191-1536x1152.jpg 1536w, https:\/\/metos.global\/wp-content\/uploads\/2024\/01\/IMG_1191-2048x1536.jpg 2048w, https:\/\/metos.global\/wp-content\/uploads\/2024\/01\/IMG_1191-16x12.jpg 16w\" data-sizes=\"(max-width: 1024px) 100vw, 1024px\" src=\"data:image\/svg+xml;base64,PHN2ZyB3aWR0aD0iMSIgaGVpZ2h0PSIxIiB4bWxucz0iaHR0cDovL3d3dy53My5vcmcvMjAwMC9zdmciPjwvc3ZnPg==\" style=\"--smush-placeholder-width: 1024px; --smush-placeholder-aspect-ratio: 1024\/768;\" \/>\t\t\t\t\t\t\t\t\t\t\t\t\t\t\t<\/div>\n\t\t\t\t<\/div>\n\t\t\t\t\t<\/div>\n\t\t<\/div>\n\t\t\t\t<div class=\"elementor-column elementor-col-50 elementor-inner-column elementor-element elementor-element-1d7d179\" data-id=\"1d7d179\" data-element_type=\"column\" data-e-type=\"column\">\n\t\t\t<div class=\"elementor-widget-wrap elementor-element-populated\">\n\t\t\t\t\t\t<div class=\"elementor-element elementor-element-dad8be2 elementor-widget elementor-widget-image\" data-id=\"dad8be2\" data-element_type=\"widget\" data-e-type=\"widget\" data-widget_type=\"image.default\">\n\t\t\t\t<div class=\"elementor-widget-container\">\n\t\t\t\t\t\t\t\t\t\t\t\t\t\t\t<img decoding=\"async\" width=\"1024\" height=\"768\" data-src=\"https:\/\/metos.global\/wp-content\/uploads\/2024\/01\/IMG_1182-1024x768.jpg\" class=\"attachment-large size-large wp-image-58172 lazyload\" alt=\"Foro Econ\u00f3mico Mundial 2024 en Davos\" data-srcset=\"https:\/\/metos.global\/wp-content\/uploads\/2024\/01\/IMG_1182-1024x768.jpg 1024w, https:\/\/metos.global\/wp-content\/uploads\/2024\/01\/IMG_1182-300x225.jpg 300w, https:\/\/metos.global\/wp-content\/uploads\/2024\/01\/IMG_1182-768x576.jpg 768w, https:\/\/metos.global\/wp-content\/uploads\/2024\/01\/IMG_1182-1536x1152.jpg 1536w, https:\/\/metos.global\/wp-content\/uploads\/2024\/01\/IMG_1182-2048x1536.jpg 2048w, https:\/\/metos.global\/wp-content\/uploads\/2024\/01\/IMG_1182-16x12.jpg 16w\" data-sizes=\"(max-width: 1024px) 100vw, 1024px\" src=\"data:image\/svg+xml;base64,PHN2ZyB3aWR0aD0iMSIgaGVpZ2h0PSIxIiB4bWxucz0iaHR0cDovL3d3dy53My5vcmcvMjAwMC9zdmciPjwvc3ZnPg==\" style=\"--smush-placeholder-width: 1024px; --smush-placeholder-aspect-ratio: 1024\/768;\" \/>\t\t\t\t\t\t\t\t\t\t\t\t\t\t\t<\/div>\n\t\t\t\t<\/div>\n\t\t\t\t\t<\/div>\n\t\t<\/div>\n\t\t\t\t\t<\/div>\n\t\t<\/section>\n\t\t\t\t<div class=\"elementor-element elementor-element-58e874d elementor-widget elementor-widget-spacer\" data-id=\"58e874d\" data-element_type=\"widget\" data-e-type=\"widget\" data-widget_type=\"spacer.default\">\n\t\t\t\t<div class=\"elementor-widget-container\">\n\t\t\t\t\t\t\t<div class=\"elementor-spacer\">\n\t\t\t<div class=\"elementor-spacer-inner\"><\/div>\n\t\t<\/div>\n\t\t\t\t\t\t<\/div>\n\t\t\t\t<\/div>\n\t\t\t\t<section class=\"elementor-section elementor-inner-section elementor-element elementor-element-9c516c8 elementor-section-boxed elementor-section-height-default elementor-section-height-default\" data-id=\"9c516c8\" data-element_type=\"section\" data-e-type=\"section\">\n\t\t\t\t\t\t<div class=\"elementor-container elementor-column-gap-default\">\n\t\t\t\t\t<div class=\"elementor-column elementor-col-50 elementor-inner-column elementor-element elementor-element-9a1ce61\" data-id=\"9a1ce61\" data-element_type=\"column\" data-e-type=\"column\">\n\t\t\t<div class=\"elementor-widget-wrap elementor-element-populated\">\n\t\t\t\t\t\t<div class=\"elementor-element elementor-element-e7eb1a6 elementor-widget elementor-widget-text-editor\" data-id=\"e7eb1a6\" data-element_type=\"widget\" data-e-type=\"widget\" data-widget_type=\"text-editor.default\">\n\t\t\t\t<div class=\"elementor-widget-container\">\n\t\t\t\t\t\t\t\t\t<p>El fondo de la discusi\u00f3n estaba claro: <strong>la colaboraci\u00f3n entre las distintas partes interesadas es clave<\/strong>.<\/p><p>Que sea sencillo, f\u00e1cil y totalmente autom\u00e1tico. Aseg\u00farese de que <strong>centrado en el agricultor<\/strong>Los gobiernos tienen que proporcionar un marco. Los gobiernos tienen que proporcionar el marco, y si lo hacen, todas las partes interesadas de la cadena de valor lo aceptar\u00e1n.<\/p><p>Muchas gracias a Svein Tore Holsether, Director General de Yara International, y a Davide Ceper, Director General de VARDA, por organizar este acto.<\/p>\t\t\t\t\t\t\t\t<\/div>\n\t\t\t\t<\/div>\n\t\t\t\t<div class=\"elementor-element elementor-element-15fbea8 elementor-widget elementor-widget-text-editor\" data-id=\"15fbea8\" data-element_type=\"widget\" data-e-type=\"widget\" data-widget_type=\"text-editor.default\">\n\t\t\t\t<div class=\"elementor-widget-container\">\n\t\t\t\t\t\t\t\t\t<p><span style=\"text-decoration: underline;\"><em>Se han acordado los siguientes puntos de acci\u00f3n:<\/em><\/span><\/p><ol><li>\u00danase a un grupo b\u00e1sico para una fase de cocreaci\u00f3n de 3 a 5 meses.<\/li><li>Movilizar el compromiso y los recursos de los ejecutivos.<\/li><li>Contribuir a un proceso de asesoramiento.<\/li><\/ol>\t\t\t\t\t\t\t\t<\/div>\n\t\t\t\t<\/div>\n\t\t\t\t\t<\/div>\n\t\t<\/div>\n\t\t\t\t<div class=\"elementor-column elementor-col-50 elementor-inner-column elementor-element elementor-element-2dc2d90\" data-id=\"2dc2d90\" data-element_type=\"column\" data-e-type=\"column\">\n\t\t\t<div class=\"elementor-widget-wrap elementor-element-populated\">\n\t\t\t\t\t\t<div class=\"elementor-element elementor-element-c858201 elementor-widget elementor-widget-image\" data-id=\"c858201\" data-element_type=\"widget\" data-e-type=\"widget\" data-widget_type=\"image.default\">\n\t\t\t\t<div class=\"elementor-widget-container\">\n\t\t\t\t\t\t\t\t\t\t\t\t\t\t\t<img decoding=\"async\" width=\"768\" height=\"1024\" data-src=\"https:\/\/metos.global\/wp-content\/uploads\/2024\/01\/IMG_1193-768x1024.jpg\" class=\"attachment-large size-large wp-image-58173 lazyload\" alt=\"Oradores del Foro Econ\u00f3mico Mundial 2024\" data-srcset=\"https:\/\/metos.global\/wp-content\/uploads\/2024\/01\/IMG_1193-768x1024.jpg 768w, https:\/\/metos.global\/wp-content\/uploads\/2024\/01\/IMG_1193-225x300.jpg 225w, https:\/\/metos.global\/wp-content\/uploads\/2024\/01\/IMG_1193-1152x1536.jpg 1152w, https:\/\/metos.global\/wp-content\/uploads\/2024\/01\/IMG_1193-1536x2048.jpg 1536w, https:\/\/metos.global\/wp-content\/uploads\/2024\/01\/IMG_1193-9x12.jpg 9w, https:\/\/metos.global\/wp-content\/uploads\/2024\/01\/IMG_1193-scaled.jpg 1920w\" data-sizes=\"(max-width: 768px) 100vw, 768px\" src=\"data:image\/svg+xml;base64,PHN2ZyB3aWR0aD0iMSIgaGVpZ2h0PSIxIiB4bWxucz0iaHR0cDovL3d3dy53My5vcmcvMjAwMC9zdmciPjwvc3ZnPg==\" style=\"--smush-placeholder-width: 768px; --smush-placeholder-aspect-ratio: 768\/1024;\" \/>\t\t\t\t\t\t\t\t\t\t\t\t\t\t\t<\/div>\n\t\t\t\t<\/div>\n\t\t\t\t\t<\/div>\n\t\t<\/div>\n\t\t\t\t\t<\/div>\n\t\t<\/section>\n\t\t\t\t<div class=\"elementor-element elementor-element-d200573 elementor-widget elementor-widget-text-editor\" data-id=\"d200573\" data-element_type=\"widget\" data-e-type=\"widget\" data-widget_type=\"text-editor.default\">\n\t\t\t\t<div class=\"elementor-widget-container\">\n\t\t\t\t\t\t\t\t\t<p>Pessl Instruments y yo, como Consejero Delegado y Fundador, estaremos plenamente comprometidos y trabajaremos en pos de estos objetivos comunes.<\/p>\t\t\t\t\t\t\t\t<\/div>\n\t\t\t\t<\/div>\n\t\t\t\t<div class=\"elementor-element elementor-element-249234b elementor-widget-divider--view-line elementor-widget elementor-widget-divider\" data-id=\"249234b\" data-element_type=\"widget\" data-e-type=\"widget\" data-widget_type=\"divider.default\">\n\t\t\t\t<div class=\"elementor-widget-container\">\n\t\t\t\t\t\t\t<div class=\"elementor-divider\">\n\t\t\t<span class=\"elementor-divider-separator\">\n\t\t\t\t\t\t<\/span>\n\t\t<\/div>\n\t\t\t\t\t\t<\/div>\n\t\t\t\t<\/div>\n\t\t\t\t<div class=\"elementor-element elementor-element-27f6ef2 elementor-widget elementor-widget-spacer\" data-id=\"27f6ef2\" data-element_type=\"widget\" data-e-type=\"widget\" data-widget_type=\"spacer.default\">\n\t\t\t\t<div class=\"elementor-widget-container\">\n\t\t\t\t\t\t\t<div class=\"elementor-spacer\">\n\t\t\t<div class=\"elementor-spacer-inner\"><\/div>\n\t\t<\/div>\n\t\t\t\t\t\t<\/div>\n\t\t\t\t<\/div>\n\t\t\t\t<div class=\"elementor-element elementor-element-b65f916 elementor-widget elementor-widget-button\" data-id=\"b65f916\" data-element_type=\"widget\" data-e-type=\"widget\" data-widget_type=\"button.default\">\n\t\t\t\t<div class=\"elementor-widget-container\">\n\t\t\t\t\t\t\t\t\t<div class=\"elementor-button-wrapper\">\n\t\t\t\t\t<a class=\"elementor-button elementor-button-link elementor-size-md\" href=\"\/es\/blog-news\/\">\n\t\t\t\t\t\t<span class=\"elementor-button-content-wrapper\">\n\t\t\t\t\t\t<span class=\"elementor-button-icon\">\n\t\t\t\t<i aria-hidden=\"true\" class=\"fas fa-arrow-alt-circle-left\"><\/i>\t\t\t<\/span>\n\t\t\t\t\t\t\t\t\t<span class=\"elementor-button-text\">VOLVER A TODAS LAS ENTRADAS DEL BLOG<\/span>\n\t\t\t\t\t<\/span>\n\t\t\t\t\t<\/a>\n\t\t\t\t<\/div>\n\t\t\t\t\t\t\t\t<\/div>\n\t\t\t\t<\/div>\n\t\t\t\t<div class=\"elementor-element elementor-element-3cd0235 elementor-widget elementor-widget-spacer\" data-id=\"3cd0235\" data-element_type=\"widget\" data-e-type=\"widget\" data-widget_type=\"spacer.default\">\n\t\t\t\t<div class=\"elementor-widget-container\">\n\t\t\t\t\t\t\t<div class=\"elementor-spacer\">\n\t\t\t<div class=\"elementor-spacer-inner\"><\/div>\n\t\t<\/div>\n\t\t\t\t\t\t<\/div>\n\t\t\t\t<\/div>\n\t\t\t\t\t<\/div>\n\t\t<\/div>\n\t\t\t\t\t<\/div>\n\t\t<\/section>\n\t\t\t\t<\/div>","protected":false},"excerpt":{"rendered":"<p>World Economic Forum 2024 in Davos New Age of Agriculture: Exploring the Global FieldID\u2122 Initiative at WEF Davos 2024 for Sustainable and Secure Food Production and Climate Action Weiz (Austria), 16th January 2024Author: Gottfried Pessl, CEO and Founder of Pessl Instruments\u00a0 Yesterday, I was in Davos for the World Economic Forum (WEF) for the first [&hellip;]<\/p>\n","protected":false},"author":2,"featured_media":58182,"comment_status":"closed","ping_status":"closed","sticky":false,"template":"elementor_header_footer","format":"standard","meta":{"ocean_post_layout":"","ocean_both_sidebars_style":"","ocean_both_sidebars_content_width":0,"ocean_both_sidebars_sidebars_width":0,"ocean_sidebar":"0","ocean_second_sidebar":"0","ocean_disable_margins":"enable","ocean_add_body_class":"","ocean_shortcode_before_top_bar":"","ocean_shortcode_after_top_bar":"","ocean_shortcode_before_header":"","ocean_shortcode_after_header":"","ocean_has_shortcode":"","ocean_shortcode_after_title":"","ocean_shortcode_before_footer_widgets":"","ocean_shortcode_after_footer_widgets":"","ocean_shortcode_before_footer_bottom":"","ocean_shortcode_after_footer_bottom":"","ocean_display_top_bar":"default","ocean_display_header":"default","ocean_header_style":"","ocean_center_header_left_menu":"0","ocean_custom_header_template":"0","ocean_custom_logo":0,"ocean_custom_retina_logo":0,"ocean_custom_logo_max_width":0,"ocean_custom_logo_tablet_max_width":0,"ocean_custom_logo_mobile_max_width":0,"ocean_custom_logo_max_height":0,"ocean_custom_logo_tablet_max_height":0,"ocean_custom_logo_mobile_max_height":0,"ocean_header_custom_menu":"0","ocean_menu_typo_font_family":"0","ocean_menu_typo_font_subset":"","ocean_menu_typo_font_size":0,"ocean_menu_typo_font_size_tablet":0,"ocean_menu_typo_font_size_mobile":0,"ocean_menu_typo_font_size_unit":"px","ocean_menu_typo_font_weight":"","ocean_menu_typo_font_weight_tablet":"","ocean_menu_typo_font_weight_mobile":"","ocean_menu_typo_transform":"","ocean_menu_typo_transform_tablet":"","ocean_menu_typo_transform_mobile":"","ocean_menu_typo_line_height":0,"ocean_menu_typo_line_height_tablet":0,"ocean_menu_typo_line_height_mobile":0,"ocean_menu_typo_line_height_unit":"","ocean_menu_typo_spacing":0,"ocean_menu_typo_spacing_tablet":0,"ocean_menu_typo_spacing_mobile":0,"ocean_menu_typo_spacing_unit":"","ocean_menu_link_color":"","ocean_menu_link_color_hover":"","ocean_menu_link_color_active":"","ocean_menu_link_background":"","ocean_menu_link_hover_background":"","ocean_menu_link_active_background":"","ocean_menu_social_links_bg":"","ocean_menu_social_hover_links_bg":"","ocean_menu_social_links_color":"","ocean_menu_social_hover_links_color":"","ocean_disable_title":"default","ocean_disable_heading":"default","ocean_post_title":"","ocean_post_subheading":"","ocean_post_title_style":"","ocean_post_title_background_color":"","ocean_post_title_background":0,"ocean_post_title_bg_image_position":"","ocean_post_title_bg_image_attachment":"","ocean_post_title_bg_image_repeat":"","ocean_post_title_bg_image_size":"","ocean_post_title_height":0,"ocean_post_title_bg_overlay":0.5,"ocean_post_title_bg_overlay_color":"","ocean_disable_breadcrumbs":"default","ocean_breadcrumbs_color":"","ocean_breadcrumbs_separator_color":"","ocean_breadcrumbs_links_color":"","ocean_breadcrumbs_links_hover_color":"","ocean_display_footer_widgets":"default","ocean_display_footer_bottom":"default","ocean_custom_footer_template":"0","ocean_post_oembed":"","ocean_post_self_hosted_media":"","ocean_post_video_embed":"","ocean_link_format":"","ocean_link_format_target":"self","ocean_quote_format":"","ocean_quote_format_link":"post","ocean_gallery_link_images":"on","ocean_gallery_id":[],"footnotes":""},"categories":[2,154,12],"tags":[629,625,628,626,198,456,255,627],"class_list":["post-58159","post","type-post","status-publish","format-standard","has-post-thumbnail","hentry","category-news","category-pessl-blog","category-press","tag-climate-action","tag-davos","tag-food-production","tag-global-field-it","tag-metos-by-pessl-instruments","tag-metosbypessl","tag-sustainable-agriculture","tag-wef-davos-2024","entry","has-media"],"yoast_head":"<!-- This site is optimized with the Yoast SEO plugin v27.5 - https:\/\/yoast.com\/product\/yoast-seo-wordpress\/ -->\n<title>New Age of Agriculture: Exploring the Global Field ID Initiative at WEF Davos 2024 for Sustainable and Secure Food Production and Climate Action - METOS by Pessl Instruments<\/title>\n<meta name=\"description\" content=\"Exploring the Global Field ID Initiative at WEF Davos 2024 for Sustainable and Secure Food Production and Climate Action. Read more.\" \/>\n<meta name=\"robots\" content=\"index, follow, max-snippet:-1, max-image-preview:large, max-video-preview:-1\" \/>\n<link rel=\"canonical\" href=\"https:\/\/metos.global\/es\/new-age-of-agriculture-exploring-the-global-field-id-initiative\/\" \/>\n<meta property=\"og:locale\" content=\"es_ES\" \/>\n<meta property=\"og:type\" content=\"article\" \/>\n<meta property=\"og:title\" content=\"New Age of Agriculture: Exploring the Global Field ID Initiative at WEF Davos 2024 for Sustainable and Secure Food Production and Climate Action - METOS by Pessl Instruments\" \/>\n<meta property=\"og:description\" content=\"Exploring the Global Field ID Initiative at WEF Davos 2024 for Sustainable and Secure Food Production and Climate Action. Read more.\" \/>\n<meta property=\"og:url\" content=\"https:\/\/metos.global\/es\/new-age-of-agriculture-exploring-the-global-field-id-initiative\/\" \/>\n<meta property=\"og:site_name\" content=\"METOS by Pessl Instruments\" \/>\n<meta property=\"article:published_time\" content=\"2024-01-16T11:53:38+00:00\" \/>\n<meta property=\"article:modified_time\" content=\"2024-02-09T09:06:44+00:00\" \/>\n<meta property=\"og:image\" content=\"https:\/\/metos.global\/wp-content\/uploads\/2024\/01\/Davos-feature-photo-1.png\" \/>\n\t<meta property=\"og:image:width\" content=\"600\" \/>\n\t<meta property=\"og:image:height\" content=\"398\" \/>\n\t<meta property=\"og:image:type\" content=\"image\/png\" \/>\n<meta name=\"author\" content=\"Pessl Instruments\" \/>\n<meta name=\"twitter:card\" content=\"summary_large_image\" \/>\n<meta name=\"twitter:label1\" content=\"Escrito por\" \/>\n\t<meta name=\"twitter:data1\" content=\"Pessl Instruments\" \/>\n\t<meta name=\"twitter:label2\" content=\"Tiempo de lectura\" \/>\n\t<meta name=\"twitter:data2\" content=\"4 minutos\" \/>\n<script type=\"application\/ld+json\" class=\"yoast-schema-graph\">{\"@context\":\"https:\\\/\\\/schema.org\",\"@graph\":[{\"@type\":\"Article\",\"@id\":\"https:\\\/\\\/metos.global\\\/new-age-of-agriculture-exploring-the-global-field-id-initiative\\\/#article\",\"isPartOf\":{\"@id\":\"https:\\\/\\\/metos.global\\\/new-age-of-agriculture-exploring-the-global-field-id-initiative\\\/\"},\"author\":{\"name\":\"Pessl Instruments\",\"@id\":\"https:\\\/\\\/metos.at\\\/en\\\/#\\\/schema\\\/person\\\/61571288c561d226077dcd21ed28de88\"},\"headline\":\"New Age of Agriculture: Exploring the Global Field ID Initiative at WEF Davos 2024 for Sustainable and Secure Food Production and Climate Action\",\"datePublished\":\"2024-01-16T11:53:38+00:00\",\"dateModified\":\"2024-02-09T09:06:44+00:00\",\"mainEntityOfPage\":{\"@id\":\"https:\\\/\\\/metos.global\\\/new-age-of-agriculture-exploring-the-global-field-id-initiative\\\/\"},\"wordCount\":528,\"publisher\":{\"@id\":\"https:\\\/\\\/metos.at\\\/en\\\/#organization\"},\"image\":{\"@id\":\"https:\\\/\\\/metos.global\\\/new-age-of-agriculture-exploring-the-global-field-id-initiative\\\/#primaryimage\"},\"thumbnailUrl\":\"https:\\\/\\\/metos.global\\\/wp-content\\\/uploads\\\/2024\\\/01\\\/Davos-feature-photo-1.png\",\"keywords\":[\"climate action\",\"Davos\",\"food production\",\"Global Field IT\",\"METOS by Pessl Instruments\",\"metosbypessl\",\"sustainable agriculture\",\"WEF Davos 2024\"],\"articleSection\":[\"News\",\"pessl-blog\",\"Press\"],\"inLanguage\":\"es\"},{\"@type\":\"WebPage\",\"@id\":\"https:\\\/\\\/metos.global\\\/new-age-of-agriculture-exploring-the-global-field-id-initiative\\\/\",\"url\":\"https:\\\/\\\/metos.global\\\/new-age-of-agriculture-exploring-the-global-field-id-initiative\\\/\",\"name\":\"New Age of Agriculture: Exploring the Global Field ID Initiative at WEF Davos 2024 for Sustainable and Secure Food Production and Climate Action - METOS by Pessl Instruments\",\"isPartOf\":{\"@id\":\"https:\\\/\\\/metos.at\\\/en\\\/#website\"},\"primaryImageOfPage\":{\"@id\":\"https:\\\/\\\/metos.global\\\/new-age-of-agriculture-exploring-the-global-field-id-initiative\\\/#primaryimage\"},\"image\":{\"@id\":\"https:\\\/\\\/metos.global\\\/new-age-of-agriculture-exploring-the-global-field-id-initiative\\\/#primaryimage\"},\"thumbnailUrl\":\"https:\\\/\\\/metos.global\\\/wp-content\\\/uploads\\\/2024\\\/01\\\/Davos-feature-photo-1.png\",\"datePublished\":\"2024-01-16T11:53:38+00:00\",\"dateModified\":\"2024-02-09T09:06:44+00:00\",\"description\":\"Exploring the Global Field ID Initiative at WEF Davos 2024 for Sustainable and Secure Food Production and Climate Action. Read more.\",\"breadcrumb\":{\"@id\":\"https:\\\/\\\/metos.global\\\/new-age-of-agriculture-exploring-the-global-field-id-initiative\\\/#breadcrumb\"},\"inLanguage\":\"es\",\"potentialAction\":[{\"@type\":\"ReadAction\",\"target\":[\"https:\\\/\\\/metos.global\\\/new-age-of-agriculture-exploring-the-global-field-id-initiative\\\/\"]}]},{\"@type\":\"ImageObject\",\"inLanguage\":\"es\",\"@id\":\"https:\\\/\\\/metos.global\\\/new-age-of-agriculture-exploring-the-global-field-id-initiative\\\/#primaryimage\",\"url\":\"https:\\\/\\\/metos.global\\\/wp-content\\\/uploads\\\/2024\\\/01\\\/Davos-feature-photo-1.png\",\"contentUrl\":\"https:\\\/\\\/metos.global\\\/wp-content\\\/uploads\\\/2024\\\/01\\\/Davos-feature-photo-1.png\",\"width\":600,\"height\":398,\"caption\":\"Davos-feature-photo-1\"},{\"@type\":\"BreadcrumbList\",\"@id\":\"https:\\\/\\\/metos.global\\\/new-age-of-agriculture-exploring-the-global-field-id-initiative\\\/#breadcrumb\",\"itemListElement\":[{\"@type\":\"ListItem\",\"position\":1,\"name\":\"Home\",\"item\":\"https:\\\/\\\/metos.global\\\/\"},{\"@type\":\"ListItem\",\"position\":2,\"name\":\"New Age of Agriculture: Exploring the Global Field ID Initiative at WEF Davos 2024 for Sustainable and Secure Food Production and Climate Action\"}]},{\"@type\":\"WebSite\",\"@id\":\"https:\\\/\\\/metos.at\\\/en\\\/#website\",\"url\":\"https:\\\/\\\/metos.at\\\/en\\\/\",\"name\":\"METOS by Pessl Instruments\",\"description\":\"Turning Information into profits since 1984.\",\"publisher\":{\"@id\":\"https:\\\/\\\/metos.at\\\/en\\\/#organization\"},\"alternateName\":\"METOS\",\"potentialAction\":[{\"@type\":\"SearchAction\",\"target\":{\"@type\":\"EntryPoint\",\"urlTemplate\":\"https:\\\/\\\/metos.at\\\/en\\\/?s={search_term_string}\"},\"query-input\":{\"@type\":\"PropertyValueSpecification\",\"valueRequired\":true,\"valueName\":\"search_term_string\"}}],\"inLanguage\":\"es\"},{\"@type\":\"Organization\",\"@id\":\"https:\\\/\\\/metos.at\\\/en\\\/#organization\",\"name\":\"METOS by Pessl Instruments\",\"alternateName\":\"Pessl Instruments\",\"url\":\"https:\\\/\\\/metos.at\\\/en\\\/\",\"logo\":{\"@type\":\"ImageObject\",\"inLanguage\":\"es\",\"@id\":\"https:\\\/\\\/metos.at\\\/en\\\/#\\\/schema\\\/logo\\\/image\\\/\",\"url\":\"https:\\\/\\\/metos.global\\\/wp-content\\\/uploads\\\/2022\\\/02\\\/cropped-METOS-by-Pessl-Instruments-white-PNG.png\",\"contentUrl\":\"https:\\\/\\\/metos.global\\\/wp-content\\\/uploads\\\/2022\\\/02\\\/cropped-METOS-by-Pessl-Instruments-white-PNG.png\",\"width\":2652,\"height\":795,\"caption\":\"METOS by Pessl Instruments\"},\"image\":{\"@id\":\"https:\\\/\\\/metos.at\\\/en\\\/#\\\/schema\\\/logo\\\/image\\\/\"}},{\"@type\":\"Person\",\"@id\":\"https:\\\/\\\/metos.at\\\/en\\\/#\\\/schema\\\/person\\\/61571288c561d226077dcd21ed28de88\",\"name\":\"Pessl Instruments\",\"image\":{\"@type\":\"ImageObject\",\"inLanguage\":\"es\",\"@id\":\"https:\\\/\\\/secure.gravatar.com\\\/avatar\\\/3d7f701074a0f23ba3877cdb4ae9ca04178c96859b4653175bf1f3947696dca4?s=96&d=mm&r=g\",\"url\":\"https:\\\/\\\/secure.gravatar.com\\\/avatar\\\/3d7f701074a0f23ba3877cdb4ae9ca04178c96859b4653175bf1f3947696dca4?s=96&d=mm&r=g\",\"contentUrl\":\"https:\\\/\\\/secure.gravatar.com\\\/avatar\\\/3d7f701074a0f23ba3877cdb4ae9ca04178c96859b4653175bf1f3947696dca4?s=96&d=mm&r=g\",\"caption\":\"Pessl Instruments\"},\"url\":\"https:\\\/\\\/metos.global\\\/es\\\/author\\\/pessl\\\/\"}]}<\/script>\n<!-- \/ Yoast SEO plugin. -->","yoast_head_json":{"title":"La nueva era de la agricultura: Explorando la Iniciativa Global de Identificaci\u00f3n de Campos en el FEM Davos 2024 para una Producci\u00f3n Alimentaria Sostenible y Segura y la Acci\u00f3n por el Clima - METOS by Pessl Instruments","description":"Exploraci\u00f3n de la Iniciativa mundial de identificaci\u00f3n en el campo en el FEM Davos 2024 para una producci\u00f3n alimentaria sostenible y segura y la acci\u00f3n por el clima. M\u00e1s informaci\u00f3n.","robots":{"index":"index","follow":"follow","max-snippet":"max-snippet:-1","max-image-preview":"max-image-preview:large","max-video-preview":"max-video-preview:-1"},"canonical":"https:\/\/metos.global\/es\/new-age-of-agriculture-exploring-the-global-field-id-initiative\/","og_locale":"es_ES","og_type":"article","og_title":"New Age of Agriculture: Exploring the Global Field ID Initiative at WEF Davos 2024 for Sustainable and Secure Food Production and Climate Action - METOS by Pessl Instruments","og_description":"Exploring the Global Field ID Initiative at WEF Davos 2024 for Sustainable and Secure Food Production and Climate Action. Read more.","og_url":"https:\/\/metos.global\/es\/new-age-of-agriculture-exploring-the-global-field-id-initiative\/","og_site_name":"METOS by Pessl Instruments","article_published_time":"2024-01-16T11:53:38+00:00","article_modified_time":"2024-02-09T09:06:44+00:00","og_image":[{"width":600,"height":398,"url":"https:\/\/metos.global\/wp-content\/uploads\/2024\/01\/Davos-feature-photo-1.png","type":"image\/png"}],"author":"Pessl Instruments","twitter_card":"summary_large_image","twitter_misc":{"Escrito por":"Pessl Instruments","Tiempo de lectura":"4 minutos"},"schema":{"@context":"https:\/\/schema.org","@graph":[{"@type":"Article","@id":"https:\/\/metos.global\/new-age-of-agriculture-exploring-the-global-field-id-initiative\/#article","isPartOf":{"@id":"https:\/\/metos.global\/new-age-of-agriculture-exploring-the-global-field-id-initiative\/"},"author":{"name":"Pessl Instruments","@id":"https:\/\/metos.at\/en\/#\/schema\/person\/61571288c561d226077dcd21ed28de88"},"headline":"New Age of Agriculture: Exploring the Global Field ID Initiative at WEF Davos 2024 for Sustainable and Secure Food Production and Climate Action","datePublished":"2024-01-16T11:53:38+00:00","dateModified":"2024-02-09T09:06:44+00:00","mainEntityOfPage":{"@id":"https:\/\/metos.global\/new-age-of-agriculture-exploring-the-global-field-id-initiative\/"},"wordCount":528,"publisher":{"@id":"https:\/\/metos.at\/en\/#organization"},"image":{"@id":"https:\/\/metos.global\/new-age-of-agriculture-exploring-the-global-field-id-initiative\/#primaryimage"},"thumbnailUrl":"https:\/\/metos.global\/wp-content\/uploads\/2024\/01\/Davos-feature-photo-1.png","keywords":["climate action","Davos","food production","Global Field IT","METOS by Pessl Instruments","metosbypessl","sustainable agriculture","WEF Davos 2024"],"articleSection":["News","pessl-blog","Press"],"inLanguage":"es"},{"@type":"WebPage","@id":"https:\/\/metos.global\/new-age-of-agriculture-exploring-the-global-field-id-initiative\/","url":"https:\/\/metos.global\/new-age-of-agriculture-exploring-the-global-field-id-initiative\/","name":"La nueva era de la agricultura: Explorando la Iniciativa Global de Identificaci\u00f3n de Campos en el FEM Davos 2024 para una Producci\u00f3n Alimentaria Sostenible y Segura y la Acci\u00f3n por el Clima - METOS by Pessl Instruments","isPartOf":{"@id":"https:\/\/metos.at\/en\/#website"},"primaryImageOfPage":{"@id":"https:\/\/metos.global\/new-age-of-agriculture-exploring-the-global-field-id-initiative\/#primaryimage"},"image":{"@id":"https:\/\/metos.global\/new-age-of-agriculture-exploring-the-global-field-id-initiative\/#primaryimage"},"thumbnailUrl":"https:\/\/metos.global\/wp-content\/uploads\/2024\/01\/Davos-feature-photo-1.png","datePublished":"2024-01-16T11:53:38+00:00","dateModified":"2024-02-09T09:06:44+00:00","description":"Exploraci\u00f3n de la Iniciativa mundial de identificaci\u00f3n en el campo en el FEM Davos 2024 para una producci\u00f3n alimentaria sostenible y segura y la acci\u00f3n por el clima. M\u00e1s informaci\u00f3n.","breadcrumb":{"@id":"https:\/\/metos.global\/new-age-of-agriculture-exploring-the-global-field-id-initiative\/#breadcrumb"},"inLanguage":"es","potentialAction":[{"@type":"ReadAction","target":["https:\/\/metos.global\/new-age-of-agriculture-exploring-the-global-field-id-initiative\/"]}]},{"@type":"ImageObject","inLanguage":"es","@id":"https:\/\/metos.global\/new-age-of-agriculture-exploring-the-global-field-id-initiative\/#primaryimage","url":"https:\/\/metos.global\/wp-content\/uploads\/2024\/01\/Davos-feature-photo-1.png","contentUrl":"https:\/\/metos.global\/wp-content\/uploads\/2024\/01\/Davos-feature-photo-1.png","width":600,"height":398,"caption":"Davos-feature-photo-1"},{"@type":"BreadcrumbList","@id":"https:\/\/metos.global\/new-age-of-agriculture-exploring-the-global-field-id-initiative\/#breadcrumb","itemListElement":[{"@type":"ListItem","position":1,"name":"Home","item":"https:\/\/metos.global\/"},{"@type":"ListItem","position":2,"name":"New Age of Agriculture: Exploring the Global Field ID Initiative at WEF Davos 2024 for Sustainable and Secure Food Production and Climate Action"}]},{"@type":"WebSite","@id":"https:\/\/metos.at\/en\/#website","url":"https:\/\/metos.at\/en\/","name":"METOS por Pessl Instruments","description":"Transformando la informaci\u00f3n en beneficios desde 1984.","publisher":{"@id":"https:\/\/metos.at\/en\/#organization"},"alternateName":"METOS","potentialAction":[{"@type":"SearchAction","target":{"@type":"EntryPoint","urlTemplate":"https:\/\/metos.at\/en\/?s={search_term_string}"},"query-input":{"@type":"PropertyValueSpecification","valueRequired":true,"valueName":"search_term_string"}}],"inLanguage":"es"},{"@type":"Organization","@id":"https:\/\/metos.at\/en\/#organization","name":"METOS por Pessl Instruments","alternateName":"Pessl Instruments","url":"https:\/\/metos.at\/en\/","logo":{"@type":"ImageObject","inLanguage":"es","@id":"https:\/\/metos.at\/en\/#\/schema\/logo\/image\/","url":"https:\/\/metos.global\/wp-content\/uploads\/2022\/02\/cropped-METOS-by-Pessl-Instruments-white-PNG.png","contentUrl":"https:\/\/metos.global\/wp-content\/uploads\/2022\/02\/cropped-METOS-by-Pessl-Instruments-white-PNG.png","width":2652,"height":795,"caption":"METOS by Pessl Instruments"},"image":{"@id":"https:\/\/metos.at\/en\/#\/schema\/logo\/image\/"}},{"@type":"Person","@id":"https:\/\/metos.at\/en\/#\/schema\/person\/61571288c561d226077dcd21ed28de88","name":"Instrumentos Pessl","image":{"@type":"ImageObject","inLanguage":"es","@id":"https:\/\/secure.gravatar.com\/avatar\/3d7f701074a0f23ba3877cdb4ae9ca04178c96859b4653175bf1f3947696dca4?s=96&d=mm&r=g","url":"https:\/\/secure.gravatar.com\/avatar\/3d7f701074a0f23ba3877cdb4ae9ca04178c96859b4653175bf1f3947696dca4?s=96&d=mm&r=g","contentUrl":"https:\/\/secure.gravatar.com\/avatar\/3d7f701074a0f23ba3877cdb4ae9ca04178c96859b4653175bf1f3947696dca4?s=96&d=mm&r=g","caption":"Pessl Instruments"},"url":"https:\/\/metos.global\/es\/author\/pessl\/"}]}},"_links":{"self":[{"href":"https:\/\/metos.global\/es\/wp-json\/wp\/v2\/posts\/58159","targetHints":{"allow":["GET"]}}],"collection":[{"href":"https:\/\/metos.global\/es\/wp-json\/wp\/v2\/posts"}],"about":[{"href":"https:\/\/metos.global\/es\/wp-json\/wp\/v2\/types\/post"}],"author":[{"embeddable":true,"href":"https:\/\/metos.global\/es\/wp-json\/wp\/v2\/users\/2"}],"replies":[{"embeddable":true,"href":"https:\/\/metos.global\/es\/wp-json\/wp\/v2\/comments?post=58159"}],"version-history":[{"count":25,"href":"https:\/\/metos.global\/es\/wp-json\/wp\/v2\/posts\/58159\/revisions"}],"predecessor-version":[{"id":58197,"href":"https:\/\/metos.global\/es\/wp-json\/wp\/v2\/posts\/58159\/revisions\/58197"}],"wp:featuredmedia":[{"embeddable":true,"href":"https:\/\/metos.global\/es\/wp-json\/wp\/v2\/media\/58182"}],"wp:attachment":[{"href":"https:\/\/metos.global\/es\/wp-json\/wp\/v2\/media?parent=58159"}],"wp:term":[{"taxonomy":"category","embeddable":true,"href":"https:\/\/metos.global\/es\/wp-json\/wp\/v2\/categories?post=58159"},{"taxonomy":"post_tag","embeddable":true,"href":"https:\/\/metos.global\/es\/wp-json\/wp\/v2\/tags?post=58159"}],"curies":[{"name":"wp","href":"https:\/\/api.w.org\/{rel}","templated":true}]}}